{"id":933,"date":"2018-08-07T09:30:25","date_gmt":"2018-08-07T09:30:25","guid":{"rendered":"https:\/\/de.sx-magazine-wp.sixt.io\/magazine\/?p=933"},"modified":"2025-12-12T12:32:10","modified_gmt":"2025-12-12T12:32:10","slug":"sechs-tage-durch-die-dolomiten","status":"publish","type":"post","link":"https:\/\/www.sixt.de\/magazine\/reise\/sechs-tage-durch-die-dolomiten\/","title":{"rendered":"In 6 Tagen durch die Dolomiten"},"content":{"rendered":"<p><strong>Die Dolomiten geh\u00f6ren nicht ohne Grund zu den sch\u00f6nsten Regionen der Alpen. Fast nirgendwo anders findet man auf einer verh\u00e4ltnism\u00e4\u00dfig kleinen Fl\u00e4che eine solche Vielzahl an einzigartigen&nbsp;<\/strong><strong>Gipfeln, urigen Kirchen, Kapellen oder Almh\u00fctten, glasklaren Bergseen und abenteuerlichen Passstra\u00dfen. Im Folgenden zeige ich euch, was f\u00fcr unterschiedliche Orte man in nur sechs Tagen erkunden kann.<\/strong><\/p>\n<hr>\n<p><img decoding=\"async\" class=\"alignleft size-medium wp-image-948 lazyload\" data-src=\"https:\/\/de.sx-magazine-wp.sixt.io\/magazine\/wp-content\/uploads\/sites\/2\/2018\/08\/manuel-dietrich-300x200.jpg\" alt=\"Manuel Dietrich\" width=\"300\" height=\"200\" data-srcset=\"https:\/\/www.sixt.de\/magazine\/wp-content\/uploads\/\/sites\/2\/2018\/08\/manuel-dietrich-300x200.jpg 300w, https:\/\/www.sixt.de\/magazine\/wp-content\/uploads\/\/sites\/2\/2018\/08\/manuel-dietrich-768x512.jpg 768w, https:\/\/www.sixt.de\/magazine\/wp-content\/uploads\/\/sites\/2\/2018\/08\/manuel-dietrich-1024x683.jpg 1024w, https:\/\/www.sixt.de\/magazine\/wp-content\/uploads\/\/sites\/2\/2018\/08\/manuel-dietrich.jpg 1200w\" data-sizes=\"(max-width: 300px) 100vw, 300px\" src=\"data:image\/svg+xml;base64,PHN2ZyB3aWR0aD0iMSIgaGVpZ2h0PSIxIiB4bWxucz0iaHR0cDovL3d3dy53My5vcmcvMjAwMC9zdmciPjwvc3ZnPg==\" style=\"--smush-placeholder-width: 300px; --smush-placeholder-aspect-ratio: 300\/200;\" \/><em>Manuel Dietrich ist sowohl Landschafts- als auch Reisefotograf und -filmer mit Heimat in der S\u00fcdpfalz bei Speyer. Seit seinem dreimonatigen Aufenthalt in Australien nach dem Abitur zieht es ihn nur noch weg, immer mit dem Drang neue aufregende Orte zu entdecken. Neben seinem Architekturstudium hat er sich mit Instagram seine Selbst\u00e4ndigkeit immer weiter aufgebaut und arbeitet mittlerweile als freiberuflicher Content Creator.<\/em><\/p>\n<hr>\n<h2>Tag 1: Geisleralm<\/h2>\n<p>Mittlerweile geh\u00f6rt die Geisleralm mit der Geislergruppe zu meinen pers\u00f6nlichen Favoriten, wenn es in die Dolomiten geht. Das Gl\u00fchen der Bergspitzen bei Sonnenuntergang ist einfach unvergesslich! Nachdem man den ziemlich einfachen Forstweg, angefangen von der Waldschenke in Villn\u00f6ss, f\u00fcr etwa 90 Minuten gefolgt ist, wird man auch schon von der bewirteten Geisleralmh\u00fctte (Rifugio delle Odle) begr\u00fc\u00dft. F\u00fcr die kleineren Wanderer gibt es einen Spielplatz, w\u00e4hrend die \u00e4lteren sich von der sehr guten K\u00fcche verw\u00f6hnen lassen k\u00f6nnen, bevor man zusammen den Sonnenuntergang hinter der H\u00fctte an einem kleinen Teich mit der bekannten Spiegelung genie\u00dft.<\/p>\n<p><img decoding=\"async\" class=\"aligncenter wp-image-935 size-full lazyload\" data-src=\"https:\/\/de.sx-magazine-wp.sixt.io\/magazine\/wp-content\/uploads\/sites\/2\/2018\/08\/geisleralm.jpg\" alt=\"Geisleralm\" width=\"1200\" height=\"800\" data-srcset=\"https:\/\/www.sixt.de\/magazine\/wp-content\/uploads\/\/sites\/2\/2018\/08\/geisleralm.jpg 1200w, https:\/\/www.sixt.de\/magazine\/wp-content\/uploads\/\/sites\/2\/2018\/08\/geisleralm-300x200.jpg 300w, https:\/\/www.sixt.de\/magazine\/wp-content\/uploads\/\/sites\/2\/2018\/08\/geisleralm-768x512.jpg 768w, https:\/\/www.sixt.de\/magazine\/wp-content\/uploads\/\/sites\/2\/2018\/08\/geisleralm-1024x683.jpg 1024w\" data-sizes=\"(max-width: 1200px) 100vw, 1200px\" src=\"data:image\/svg+xml;base64,PHN2ZyB3aWR0aD0iMSIgaGVpZ2h0PSIxIiB4bWxucz0iaHR0cDovL3d3dy53My5vcmcvMjAwMC9zdmciPjwvc3ZnPg==\" style=\"--smush-placeholder-width: 1200px; --smush-placeholder-aspect-ratio: 1200\/800;\" \/><\/p>\n<h2>Tag 2: Gartlh\u00fctte und Vajolet-T\u00fcrme<\/h2>\n<p>Am zweiten Tag geht es weiter in Richtung S\u00fcden nach Pera, von wo aus man mit einem Shuttleservice zum Refugio Gardeccia gebracht werden kann, um von dort den Aufstieg zur Gartlh\u00fctte bei den Vajolet-T\u00fcrmen zu starten. Nach etwa 40 Minuten erreicht man die Vajolet-H\u00fctte, bei der man sich f\u00fcr den weiteren Aufstieg nochmal st\u00e4rken kann. Der hat es n\u00e4mlich mit 350 H\u00f6henmetern auf einer L\u00e4nge von gerade einmal einem Kilometer ordentlich in sich. Doch die Schwei\u00dfperlen lohnen sich sp\u00e4testens dann, wenn man nach dem letzten H\u00fcgel die Gartlh\u00fctte vor sich hat und der Blick auf die atemberaubenden Gipfel im Hintergrund schweift. Die H\u00fctte bietet dann nicht nur die perfekte Einkehrm\u00f6glichkeit, sondern ist auch eine tolle Gelegenheit, um eine Nacht in den Bergen der Dolomiten zu verbringen und den Sonnenaufgang am n\u00e4chsten Morgen zu genie\u00dfen.<\/p>\n<p><img decoding=\"async\" class=\"aligncenter size-full wp-image-937 lazyload\" data-src=\"https:\/\/de.sx-magazine-wp.sixt.io\/magazine\/wp-content\/uploads\/sites\/2\/2018\/08\/gartlhuette.jpg\" alt=\"Gartlh\u00fctte\" width=\"1200\" height=\"800\" data-srcset=\"https:\/\/www.sixt.de\/magazine\/wp-content\/uploads\/\/sites\/2\/2018\/08\/gartlhuette.jpg 1200w, https:\/\/www.sixt.de\/magazine\/wp-content\/uploads\/\/sites\/2\/2018\/08\/gartlhuette-300x200.jpg 300w, https:\/\/www.sixt.de\/magazine\/wp-content\/uploads\/\/sites\/2\/2018\/08\/gartlhuette-768x512.jpg 768w, https:\/\/www.sixt.de\/magazine\/wp-content\/uploads\/\/sites\/2\/2018\/08\/gartlhuette-1024x683.jpg 1024w\" data-sizes=\"(max-width: 1200px) 100vw, 1200px\" src=\"data:image\/svg+xml;base64,PHN2ZyB3aWR0aD0iMSIgaGVpZ2h0PSIxIiB4bWxucz0iaHR0cDovL3d3dy53My5vcmcvMjAwMC9zdmciPjwvc3ZnPg==\" style=\"--smush-placeholder-width: 1200px; --smush-placeholder-aspect-ratio: 1200\/800;\" \/><\/p>\n<h2>Tag 3: Seiser Alm<\/h2>\n<p>Nach dieser Wanderung geht es am dritten Tag etwas ruhiger zu. Das heutige Tagesziel ist die malerische Seiser Alm, die gr\u00f6\u00dfte Hochalm Europas. Parken kann man sein Auto entweder auf dem gro\u00dfen \u00f6ffentlichen Parkplatz vor der Touristeninformation Kompatsch oder aber man bucht eine Nacht in einem der zahlreichen Hotels auf der Alm. In diesem Fall bekommt man eine Einfahrtsgenehmigung und muss nicht die 30 bis 40 Minuten zu Fu\u00df zu den ber\u00fchmten H\u00fctten gehen. Doch Achtung, auf der gesamten Alm gilt absolutes Halteverbot. Deswegen sollte man entweder ziemlich schnell sein oder den Weg vom jeweiligen Hotel zu Fu\u00df zur\u00fccklegen, es gibt n\u00e4mlich regelm\u00e4\u00dfige Kontrollen. Zu empfehlen ist die Seiser Alm sowohl zum Sonnenuntergang als auch zum Sonnenaufgang, wenn mit etwas Gl\u00fcck noch ein bisschen Nebel \u00fcber die H\u00fcgel der Dolomiten zieht.<\/p>\n<p><img decoding=\"async\" class=\"aligncenter size-full wp-image-938 lazyload\" data-src=\"https:\/\/de.sx-magazine-wp.sixt.io\/magazine\/wp-content\/uploads\/sites\/2\/2018\/08\/seiser-alm.jpg\" alt=\"Seiser Alm\" width=\"1200\" height=\"800\" data-srcset=\"https:\/\/www.sixt.de\/magazine\/wp-content\/uploads\/\/sites\/2\/2018\/08\/seiser-alm.jpg 1200w, https:\/\/www.sixt.de\/magazine\/wp-content\/uploads\/\/sites\/2\/2018\/08\/seiser-alm-300x200.jpg 300w, https:\/\/www.sixt.de\/magazine\/wp-content\/uploads\/\/sites\/2\/2018\/08\/seiser-alm-768x512.jpg 768w, https:\/\/www.sixt.de\/magazine\/wp-content\/uploads\/\/sites\/2\/2018\/08\/seiser-alm-1024x683.jpg 1024w\" data-sizes=\"(max-width: 1200px) 100vw, 1200px\" src=\"data:image\/svg+xml;base64,PHN2ZyB3aWR0aD0iMSIgaGVpZ2h0PSIxIiB4bWxucz0iaHR0cDovL3d3dy53My5vcmcvMjAwMC9zdmciPjwvc3ZnPg==\" style=\"--smush-placeholder-width: 1200px; --smush-placeholder-aspect-ratio: 1200\/800;\" \/><\/p>\n<h2>Tag 4: Seceda<\/h2>\n<p>Am vierten Tag wartet die wohl anstrengendste Wanderung dieser Sechstagetour. Heute geht es n\u00e4mlich auf die \u00fcber 2.500 Meter hohe Seceda. Wer sich jedoch die ca. 800 H\u00f6henmeter sparen m\u00f6chte, f\u00fcr den gibt es auch die M\u00f6glichkeit f\u00fcr 30\u20ac von St. Ulrich mit der Seilbahn zur Bergstation zu gelangen. Die tapferen Wanderer d\u00fcrfen sich auf dem etwa sechs Kilometer langen Weg aber mit einem Kaiserschmarren oder \u00c4hnlichem auf einer der Bergh\u00fctten belohnen, die auf dem Weg liegen. Doch die gr\u00f6\u00dfte Belohnung ist wahrscheinlich immer noch der Anblick, den man bekommt, wenn man es zur Bergstation geschafft hat und die beeindruckende Bergkette einem gegen\u00fcber steht. Gerade in den Sommermonaten bl\u00fchen hier oben in den Dolomiten tausende Bl\u00fcmchen in allen erdenklichen Farben. F\u00fcr Fotografen ein wahres Paradies, wenn dann auch noch beim Sonnenaufgang die ersten Strahlen hinter den Gipfeln hervorkommen und den Blumenteppich in rotes Licht tauchen.<\/p>\n<p><img decoding=\"async\" class=\"aligncenter size-full wp-image-939 lazyload\" data-src=\"https:\/\/de.sx-magazine-wp.sixt.io\/magazine\/wp-content\/uploads\/sites\/2\/2018\/08\/seceda.jpg\" alt=\"Seceda\" width=\"1200\" height=\"800\" data-srcset=\"https:\/\/www.sixt.de\/magazine\/wp-content\/uploads\/\/sites\/2\/2018\/08\/seceda.jpg 1200w, https:\/\/www.sixt.de\/magazine\/wp-content\/uploads\/\/sites\/2\/2018\/08\/seceda-300x200.jpg 300w, https:\/\/www.sixt.de\/magazine\/wp-content\/uploads\/\/sites\/2\/2018\/08\/seceda-768x512.jpg 768w, https:\/\/www.sixt.de\/magazine\/wp-content\/uploads\/\/sites\/2\/2018\/08\/seceda-1024x683.jpg 1024w\" data-sizes=\"(max-width: 1200px) 100vw, 1200px\" src=\"data:image\/svg+xml;base64,PHN2ZyB3aWR0aD0iMSIgaGVpZ2h0PSIxIiB4bWxucz0iaHR0cDovL3d3dy53My5vcmcvMjAwMC9zdmciPjwvc3ZnPg==\" style=\"--smush-placeholder-width: 1200px; --smush-placeholder-aspect-ratio: 1200\/800;\" \/><\/p>\n<h2>Tag 5: Passo Giau und Erdpyramiden<\/h2>\n<p>Nach der anstrengenden Wanderung gestern ist der Tag heute umso gem\u00fctlicher. Die beiden n\u00e4chsten Spots kann man n\u00e4mlich problemlos mit dem Auto erreichen. Der erste Stopp liegt auf dem Passo Giau auf 2.236 Metern. Von hier kann man entweder auf eine l\u00e4ngere Wanderung zum Refugio Nuvolau und sogar zu den Cinque Torri aufbrechen oder einfach nur den Anblick vom Parkplatz aus genie\u00dfen. Das Berghotel Passo Giau ist mit dem eigenen Restaurant nat\u00fcrlich auch eine gute M\u00f6glichkeit, um den Hunger bei der Gelegenheit zu stillen bevor es weitergeht zum zweiten Highlight des Tages.<\/p>\n<p><img decoding=\"async\" class=\"aligncenter size-full wp-image-940 lazyload\" data-src=\"https:\/\/de.sx-magazine-wp.sixt.io\/magazine\/wp-content\/uploads\/sites\/2\/2018\/08\/passo-giau.jpg\" alt=\"Passo Giau\" width=\"1200\" height=\"800\" data-srcset=\"https:\/\/www.sixt.de\/magazine\/wp-content\/uploads\/\/sites\/2\/2018\/08\/passo-giau.jpg 1200w, https:\/\/www.sixt.de\/magazine\/wp-content\/uploads\/\/sites\/2\/2018\/08\/passo-giau-300x200.jpg 300w, https:\/\/www.sixt.de\/magazine\/wp-content\/uploads\/\/sites\/2\/2018\/08\/passo-giau-768x512.jpg 768w, https:\/\/www.sixt.de\/magazine\/wp-content\/uploads\/\/sites\/2\/2018\/08\/passo-giau-1024x683.jpg 1024w\" data-sizes=\"(max-width: 1200px) 100vw, 1200px\" src=\"data:image\/svg+xml;base64,PHN2ZyB3aWR0aD0iMSIgaGVpZ2h0PSIxIiB4bWxucz0iaHR0cDovL3d3dy53My5vcmcvMjAwMC9zdmciPjwvc3ZnPg==\" style=\"--smush-placeholder-width: 1200px; --smush-placeholder-aspect-ratio: 1200\/800;\" \/><\/p>\n<p>Dieses sind die Erdpyramiden von Platten. Ein Spot von dem ich anf\u00e4nglich nicht glauben wollte, dass er in den Dolomiten zu finden ist oder \u00fcberhaupt existiert. Die einzigartigen Erds\u00e4ulen, die fast alle von einem Stein geziert werden, sind 1834 w\u00e4hrend eines schweren Unwetters entstanden. Durch einen gro\u00dfen Erdrutsch bildete sich ein Graben, der durch Regen und Schneeschmelze immer wieder ausgewaschen wurde und die Pyramiden hervorbrachte. Bis heute entstehen durch die Witterung immer wieder neue S\u00e4ulen, die sich je nach Wetter und Licht sogar auch in ihrer Farbe \u00e4ndern k\u00f6nnen. Ein liebevoll angelegter Weg zieht sich durch den angrenzenden Wald und gibt mit verschiedenen Aussichtspunkten immer wieder den Blick auf die Erdpyramiden frei. F\u00fcr Klein und Gro\u00df ein Ausflug, den man nicht so schnell vergessen wird.<\/p>\n<p><img decoding=\"async\" class=\"aligncenter size-full wp-image-941 lazyload\" data-src=\"https:\/\/de.sx-magazine-wp.sixt.io\/magazine\/wp-content\/uploads\/sites\/2\/2018\/08\/erdpyramiden.jpg\" alt=\"Erdpyramiden von Platten\" width=\"1200\" height=\"800\" data-srcset=\"https:\/\/www.sixt.de\/magazine\/wp-content\/uploads\/\/sites\/2\/2018\/08\/erdpyramiden.jpg 1200w, https:\/\/www.sixt.de\/magazine\/wp-content\/uploads\/\/sites\/2\/2018\/08\/erdpyramiden-300x200.jpg 300w, https:\/\/www.sixt.de\/magazine\/wp-content\/uploads\/\/sites\/2\/2018\/08\/erdpyramiden-768x512.jpg 768w, https:\/\/www.sixt.de\/magazine\/wp-content\/uploads\/\/sites\/2\/2018\/08\/erdpyramiden-1024x683.jpg 1024w\" data-sizes=\"(max-width: 1200px) 100vw, 1200px\" src=\"data:image\/svg+xml;base64,PHN2ZyB3aWR0aD0iMSIgaGVpZ2h0PSIxIiB4bWxucz0iaHR0cDovL3d3dy53My5vcmcvMjAwMC9zdmciPjwvc3ZnPg==\" style=\"--smush-placeholder-width: 1200px; --smush-placeholder-aspect-ratio: 1200\/800;\" \/><\/p>\n<h2>Tag 6: Lago di Braies<\/h2>\n<p>Heute kommt unsere sechst\u00e4gige Rundreise auch schon wieder zum Ende. Aber einen letzten Spot will ich euch noch zeigen. Es ist der unter Instagrammern auch liebevoll \u201eLago di Instagram\u201c genannte Bergsee, der Jahr f\u00fcr Jahr tausende Besucher anzieht. Und das v\u00f6llig zu Recht! Die Spiegelung die sich einem vor allem in den fr\u00fchen Morgenstunden bietet, ist einfach unvergleichlich. Das urige Bootshaus mit den im Wasser treibenden Ruderbooten macht den Anblick perfekt. Wer sich noch etwas sportlich bet\u00e4tigen will, kann sich f\u00fcr entweder eine halbe oder auch ganze Stunde ein Boot mieten und den See damit erkunden.<\/p>\n<p><img decoding=\"async\" class=\"aligncenter size-full wp-image-942 lazyload\" data-src=\"https:\/\/de.sx-magazine-wp.sixt.io\/magazine\/wp-content\/uploads\/sites\/2\/2018\/08\/lago-di-braies.jpg\" alt=\"Lago di Braies\" width=\"800\" height=\"1200\" data-srcset=\"https:\/\/www.sixt.de\/magazine\/wp-content\/uploads\/\/sites\/2\/2018\/08\/lago-di-braies.jpg 800w, https:\/\/www.sixt.de\/magazine\/wp-content\/uploads\/\/sites\/2\/2018\/08\/lago-di-braies-200x300.jpg 200w, https:\/\/www.sixt.de\/magazine\/wp-content\/uploads\/\/sites\/2\/2018\/08\/lago-di-braies-768x1152.jpg 768w, https:\/\/www.sixt.de\/magazine\/wp-content\/uploads\/\/sites\/2\/2018\/08\/lago-di-braies-683x1024.jpg 683w\" data-sizes=\"(max-width: 800px) 100vw, 800px\" src=\"data:image\/svg+xml;base64,PHN2ZyB3aWR0aD0iMSIgaGVpZ2h0PSIxIiB4bWxucz0iaHR0cDovL3d3dy53My5vcmcvMjAwMC9zdmciPjwvc3ZnPg==\" style=\"--smush-placeholder-width: 800px; --smush-placeholder-aspect-ratio: 800\/1200;\" \/><\/p>\n<p>Das war sie auch schon &#8211; meine sechst\u00e4gige Tour durch die Dolomiten. Einfach immer wieder aufs Neue eine Reise wert und gerade f\u00fcr einen Roadtrip das perfekte Ziel! Falls du noch mehr \u00fcber die einzigartige Gegend wissen willst, du Inspiration f\u00fcr weitere Spots in S\u00fcdtirol suchst oder auf meinen kommenden Touren dabei sein willst, dann schau gerne auf meinem Instagram-Account <a href=\"https:\/\/www.instagram.com\/manueldietrichphotography\/\" target=\"_blank\" rel=\"noopener noreferrer\">@manueldietrichphotography<\/a> vorbei. Bis zum n\u00e4chsten Mal!<\/p>\n<p>&nbsp;<\/p>\n<p><strong>\u00c4hnliche Artikel:<\/strong><\/p>\n<ul>\n<li><a href=\"https:\/\/www.sixt.de\/magazine\/reise\/ausflug-durch-die-alpen\/\" target=\"_blank\" rel=\"noopener\">Ausflug durch die Alpen&nbsp;<\/a><\/li>\n<\/ul>\n<p style=\"text-align: center;\">&nbsp;<\/p>\n<!-- AddThis Advanced Settings generic via filter on the_content --><!-- AddThis Share Buttons generic via filter on the_content -->","protected":false},"excerpt":{"rendered":"<p>Die Dolomiten geh\u00f6ren nicht ohne Grund zu den sch\u00f6nsten Regionen der Alpen. Fast nirgendwo anders findet man auf einer verh\u00e4ltnism\u00e4\u00dfig kleinen Fl\u00e4che eine solche Vielzahl an einzigartigen&nbsp;Gipfeln, urigen Kirchen, Kapellen oder Almh\u00fctten, glasklaren Bergseen und abenteuerlichen Passstra\u00dfen. Im Folgenden zeige ich euch, was f\u00fcr unterschiedliche Orte man in nur sechs Tagen erkunden kann. Manuel Dietrich&#8230;<!-- AddThis Advanced Settings generic via filter on get_the_excerpt --><!-- AddThis Share Buttons generic via filter on get_the_excerpt --><\/p>\n","protected":false},"author":18,"featured_media":943,"comment_status":"open","ping_status":"open","sticky":false,"template":"","format":"standard","meta":{"_genesis_hide_title":false,"_genesis_hide_breadcrumbs":false,"_genesis_hide_singular_image":false,"_genesis_hide_footer_widgets":false,"_genesis_custom_body_class":"","_genesis_custom_post_class":"","_genesis_layout":"","ngg_post_thumbnail":0,"footnotes":""},"categories":[2],"tags":[123,19,30],"class_list":{"0":"post-933","1":"post","2":"type-post","3":"status-publish","4":"format-standard","5":"has-post-thumbnail","7":"category-reise","8":"tag-alpen","9":"tag-italien","10":"tag-roadtrip","11":"entry"},"yoast_head":"<!-- This site is optimized with the Yoast SEO plugin v27.1.1 - https:\/\/yoast.com\/product\/yoast-seo-wordpress\/ -->\n<title>Eine Rundreise in sechs Tagen durch die Dolomiten | SIXT Magazine<\/title>\n<meta name=\"description\" content=\"Die Dolomiten sind ausgesprochen abwechslungsreich und lassen sich auf einer sechst\u00e4gigen Rundreise mit dem Mietwagen gut erkunden. Lest hier unsere Tipps!\" \/>\n<meta name=\"robots\" content=\"index, follow, max-snippet:-1, max-image-preview:large, max-video-preview:-1\" \/>\n<link rel=\"canonical\" href=\"https:\/\/www.sixt.de\/magazine\/reise\/sechs-tage-durch-die-dolomiten\/\" \/>\n<meta property=\"og:locale\" content=\"de_DE\" \/>\n<meta property=\"og:type\" content=\"article\" \/>\n<meta property=\"og:title\" content=\"Eine Rundreise in sechs Tagen durch die Dolomiten | SIXT Magazine\" \/>\n<meta property=\"og:description\" content=\"Die Dolomiten sind ausgesprochen abwechslungsreich und lassen sich auf einer sechst\u00e4gigen Rundreise mit dem Mietwagen gut erkunden. Lest hier unsere Tipps!\" \/>\n<meta property=\"og:url\" content=\"https:\/\/www.sixt.de\/magazine\/reise\/sechs-tage-durch-die-dolomiten\/\" \/>\n<meta property=\"og:site_name\" content=\"Sixt Magazine\" \/>\n<meta property=\"article:published_time\" content=\"2018-08-07T09:30:25+00:00\" \/>\n<meta property=\"article:modified_time\" content=\"2025-12-12T12:32:10+00:00\" \/>\n<meta property=\"og:image\" content=\"https:\/\/www.sixt.de\/magazine\/wp-content\/uploads\/\/sites\/2\/2018\/08\/vajolet-huette.jpg\" \/>\n\t<meta property=\"og:image:width\" content=\"1200\" \/>\n\t<meta property=\"og:image:height\" content=\"800\" \/>\n\t<meta property=\"og:image:type\" content=\"image\/jpeg\" \/>\n<meta name=\"twitter:card\" content=\"summary_large_image\" \/>\n<meta name=\"twitter:label1\" content=\"Verfasst von\" \/>\n\t<meta name=\"twitter:data1\" content=\"\" \/>\n\t<meta name=\"twitter:label2\" content=\"Gesch\u00e4tzte Lesezeit\" \/>\n\t<meta name=\"twitter:data2\" content=\"8\u00a0Minuten\" \/>\n<!-- \/ Yoast SEO plugin. -->","yoast_head_json":{"title":"Eine Rundreise in sechs Tagen durch die Dolomiten | SIXT Magazine","description":"Die Dolomiten sind ausgesprochen abwechslungsreich und lassen sich auf einer sechst\u00e4gigen Rundreise mit dem Mietwagen gut erkunden. Lest hier unsere Tipps!","robots":{"index":"index","follow":"follow","max-snippet":"max-snippet:-1","max-image-preview":"max-image-preview:large","max-video-preview":"max-video-preview:-1"},"canonical":"https:\/\/www.sixt.de\/magazine\/reise\/sechs-tage-durch-die-dolomiten\/","og_locale":"de_DE","og_type":"article","og_title":"Eine Rundreise in sechs Tagen durch die Dolomiten | SIXT Magazine","og_description":"Die Dolomiten sind ausgesprochen abwechslungsreich und lassen sich auf einer sechst\u00e4gigen Rundreise mit dem Mietwagen gut erkunden. Lest hier unsere Tipps!","og_url":"https:\/\/www.sixt.de\/magazine\/reise\/sechs-tage-durch-die-dolomiten\/","og_site_name":"Sixt Magazine","article_published_time":"2018-08-07T09:30:25+00:00","article_modified_time":"2025-12-12T12:32:10+00:00","og_image":[{"width":1200,"height":800,"url":"https:\/\/www.sixt.de\/magazine\/wp-content\/uploads\/\/sites\/2\/2018\/08\/vajolet-huette.jpg","type":"image\/jpeg"}],"twitter_card":"summary_large_image","twitter_misc":{"Verfasst von":"","Gesch\u00e4tzte Lesezeit":"8\u00a0Minuten"},"schema":{"@context":"https:\/\/schema.org","@graph":[{"@type":"Article","@id":"https:\/\/www.sixt.de\/magazine\/reise\/sechs-tage-durch-die-dolomiten\/#article","isPartOf":{"@id":"https:\/\/www.sixt.de\/magazine\/reise\/sechs-tage-durch-die-dolomiten\/"},"author":{"name":"","@id":""},"headline":"In 6 Tagen durch die Dolomiten","datePublished":"2018-08-07T09:30:25+00:00","dateModified":"2025-12-12T12:32:10+00:00","mainEntityOfPage":{"@id":"https:\/\/www.sixt.de\/magazine\/reise\/sechs-tage-durch-die-dolomiten\/"},"wordCount":1112,"commentCount":0,"image":{"@id":"https:\/\/www.sixt.de\/magazine\/reise\/sechs-tage-durch-die-dolomiten\/#primaryimage"},"thumbnailUrl":"https:\/\/www.sixt.de\/magazine\/wp-content\/uploads\/\/sites\/2\/2018\/08\/vajolet-huette.jpg","keywords":["Alpen","Italien","Roadtrip"],"articleSection":["Reise"],"inLanguage":"de","potentialAction":[{"@type":"CommentAction","name":"Comment","target":["https:\/\/www.sixt.de\/magazine\/reise\/sechs-tage-durch-die-dolomiten\/#respond"]}]},{"@type":"WebPage","@id":"https:\/\/www.sixt.de\/magazine\/reise\/sechs-tage-durch-die-dolomiten\/","url":"https:\/\/www.sixt.de\/magazine\/reise\/sechs-tage-durch-die-dolomiten\/","name":"Eine Rundreise in sechs Tagen durch die Dolomiten | SIXT Magazine","isPartOf":{"@id":"https:\/\/www.sixt.de\/magazine\/#website"},"primaryImageOfPage":{"@id":"https:\/\/www.sixt.de\/magazine\/reise\/sechs-tage-durch-die-dolomiten\/#primaryimage"},"image":{"@id":"https:\/\/www.sixt.de\/magazine\/reise\/sechs-tage-durch-die-dolomiten\/#primaryimage"},"thumbnailUrl":"https:\/\/www.sixt.de\/magazine\/wp-content\/uploads\/\/sites\/2\/2018\/08\/vajolet-huette.jpg","datePublished":"2018-08-07T09:30:25+00:00","dateModified":"2025-12-12T12:32:10+00:00","author":{"@id":""},"description":"Die Dolomiten sind ausgesprochen abwechslungsreich und lassen sich auf einer sechst\u00e4gigen Rundreise mit dem Mietwagen gut erkunden. Lest hier unsere Tipps!","breadcrumb":{"@id":"https:\/\/www.sixt.de\/magazine\/reise\/sechs-tage-durch-die-dolomiten\/#breadcrumb"},"inLanguage":"de","potentialAction":[{"@type":"ReadAction","target":["https:\/\/www.sixt.de\/magazine\/reise\/sechs-tage-durch-die-dolomiten\/"]}]},{"@type":"ImageObject","inLanguage":"de","@id":"https:\/\/www.sixt.de\/magazine\/reise\/sechs-tage-durch-die-dolomiten\/#primaryimage","url":"https:\/\/www.sixt.de\/magazine\/wp-content\/uploads\/\/sites\/2\/2018\/08\/vajolet-huette.jpg","contentUrl":"https:\/\/www.sixt.de\/magazine\/wp-content\/uploads\/\/sites\/2\/2018\/08\/vajolet-huette.jpg","width":1200,"height":800,"caption":"Vajolet-H\u00fctte"},{"@type":"BreadcrumbList","@id":"https:\/\/www.sixt.de\/magazine\/reise\/sechs-tage-durch-die-dolomiten\/#breadcrumb","itemListElement":[{"@type":"ListItem","position":1,"name":"Startseite","item":"https:\/\/www.sixt.de\/magazine\/"},{"@type":"ListItem","position":2,"name":"In 6 Tagen durch die Dolomiten"}]},{"@type":"WebSite","@id":"https:\/\/www.sixt.de\/magazine\/#website","url":"https:\/\/www.sixt.de\/magazine\/","name":"SIXT Magazine","description":"Ratgeber &amp; Reisetipps von deinem Mobilit\u00e4tspartner SIXT","potentialAction":[{"@type":"SearchAction","target":{"@type":"EntryPoint","urlTemplate":"https:\/\/www.sixt.de\/magazine\/?s={search_term_string}"},"query-input":{"@type":"PropertyValueSpecification","valueRequired":true,"valueName":"search_term_string"}}],"inLanguage":"de"},{"@type":"Person","@id":""}]}},"_links":{"self":[{"href":"https:\/\/www.sixt.de\/magazine\/wp-json\/wp\/v2\/posts\/933","targetHints":{"allow":["GET"]}}],"collection":[{"href":"https:\/\/www.sixt.de\/magazine\/wp-json\/wp\/v2\/posts"}],"about":[{"href":"https:\/\/www.sixt.de\/magazine\/wp-json\/wp\/v2\/types\/post"}],"author":[{"embeddable":true,"href":"https:\/\/www.sixt.de\/magazine\/wp-json\/wp\/v2\/users\/18"}],"replies":[{"embeddable":true,"href":"https:\/\/www.sixt.de\/magazine\/wp-json\/wp\/v2\/comments?post=933"}],"version-history":[{"count":0,"href":"https:\/\/www.sixt.de\/magazine\/wp-json\/wp\/v2\/posts\/933\/revisions"}],"wp:featuredmedia":[{"embeddable":true,"href":"https:\/\/www.sixt.de\/magazine\/wp-json\/wp\/v2\/media\/943"}],"wp:attachment":[{"href":"https:\/\/www.sixt.de\/magazine\/wp-json\/wp\/v2\/media?parent=933"}],"wp:term":[{"taxonomy":"category","embeddable":true,"href":"https:\/\/www.sixt.de\/magazine\/wp-json\/wp\/v2\/categories?post=933"},{"taxonomy":"post_tag","embeddable":true,"href":"https:\/\/www.sixt.de\/magazine\/wp-json\/wp\/v2\/tags?post=933"}],"curies":[{"name":"wp","href":"https:\/\/api.w.org\/{rel}","templated":true}]}}